{"id":3150,"date":"2025-05-13T10:12:53","date_gmt":"2025-05-13T13:12:53","guid":{"rendered":"https:\/\/binatural.com.br\/?p=3150"},"modified":"2025-10-05T16:40:54","modified_gmt":"2025-10-05T19:40:54","slug":"antifragilidade-e-resiliencia-o-que-move-o-empreendedor-brasileiro","status":"publish","type":"post","link":"https:\/\/binatural.com.br\/en\/antifragilidade-e-resiliencia-o-que-move-o-empreendedor-brasileiro\/","title":{"rendered":"Antifragilidade e resili\u00eancia: O que move o empreendedor brasileiro?"},"content":{"rendered":"<p>O Brasil \u00e9 um pa\u00eds de empreendedores. Somos pelo menos 42 milh\u00f5es, segundo o Sebrae. E, para muitos, essa jornada \u00e9 repleta de desafios \u2014 a burocracia, a instabilidade econ\u00f4mica uma s\u00e9rie de adversidades que, longe de desencorajarem, tornam-se combust\u00edvel para a inova\u00e7\u00e3o e o crescimento. Neste cen\u00e1rio, o conceito de antifragilidade se mostra n\u00e3o apenas relevante, mas essencial.<\/p>\n\n\n\n<p>Antifragilidade, um termo popularizado por Nassim Nicholas Taleb, significa a capacidade de n\u00e3o apenas resistir a crises, mas de se fortalecer a partir delas. O empreendedor brasileiro, em sua ess\u00eancia, j\u00e1 carrega essa mentalidade. Em um ambiente em que as dificuldades s\u00e3o constantes, quem se adapta e aprende com os erros \u00e9 quem realmente prospera.<\/p>\n\n\n\n<p>E o futuro pertence \u00e0queles que inovam com intelig\u00eancia. O que temos visto \u00e9 que os modelos de neg\u00f3cios tradicionais j\u00e1 n\u00e3o s\u00e3o suficientes para enfrentar os desafios que surgem. Ao inv\u00e9s de simplesmente replicar estrat\u00e9gias do passado, \u00e9 fundamental que as empresas busquem novas abordagens e solu\u00e7\u00f5es que se alinhem \u00e0s demandas contempor\u00e2neas, como a sustentabilidade e a transi\u00e7\u00e3o para fontes renov\u00e1veis de energia.<\/p>\n\n\n\n<p>Ao olhar para o setor de biocombust\u00edveis, estamos testemunhando uma transforma\u00e7\u00e3o significativa. As crises ambientais e energ\u00e9ticas n\u00e3o s\u00e3o apenas desafios. S\u00e3o oportunidades para quem ousa fazer diferente. Investir em solu\u00e7\u00f5es sustent\u00e1veis, como o biodiesel, n\u00e3o \u00e9 apenas uma resposta a uma tend\u00eancia, mas uma forma de consolidar um mercado que se alinha com as necessidades do planeta.<\/p>\n\n\n\n<p>Na Binatural, temos trilhado esse caminho desde a nossa funda\u00e7\u00e3o em 2006. Tivemos um in\u00edcio bem conturbado e nossa primeira produ\u00e7\u00e3o s\u00f3 aconteceu dois anos depois. Foram diversos tombos que tomamos no caminho, mas sempre estivemos determinados a n\u00e3o desistir. Depois de 19 anos de atua\u00e7\u00e3o, alcan\u00e7amos um faturamento de R$ 2,6 bilh\u00f5es em 2024, o que demonstra que mesmo enfrentando muitos desafios e reveses, aprendemos a nos adaptar ao desconforto ao dominar o conceito antifr\u00e1gil.<\/p>\n\n\n\n<p>A empresa aproveitou as dificuldades como oportunidades para se aprimorar e se destacar. Em tempos em que muitos empres\u00e1rios optaram pela conten\u00e7\u00e3o, a Binatural investiu em tecnologia e pesquisa, desenvolveu processos mais eficientes e sustent\u00e1veis para a produ\u00e7\u00e3o de biodiesel. Essa vis\u00e3o disruptiva permitiu que a empresa n\u00e3o apenas sobrevivesse, mas prosperasse e se destacasse como especialista em um ambiente desafiador.<\/p>\n\n\n\n<p>Em um momento em que grandes organiza\u00e7\u00f5es internacionais abandonam os princ\u00edpios de ESG para focar em outras vertentes, a Binatural se comprometeu ainda mais com pr\u00e1ticas sustent\u00e1veis, com a certeza de que n\u00e3o existe um futuro poss\u00edvel sem o desenvolvimento respons\u00e1vel. Ao refletir sobre o legado que deixaremos, n\u00e3o posso me contentar apenas com um planeta habit\u00e1vel, mas desejo uma sociedade em que a sustentabilidade seja um valor inegoci\u00e1vel. \u00c9 isso que me move.<\/p>\n\n\n\n<p>A clareza sobre o que nos move \u00e9 um dos principais pilares para n\u00e3o apenas sobreviver, mas prosperar. Quando uma organiza\u00e7\u00e3o tem um prop\u00f3sito bem definido, somos capazes de nos fortalecer com as dificuldades. Os desafios, longe de serem obst\u00e1culos, tornam-se oportunidades para inovar e crescer. Essa mentalidade de antifragilidade nos permite n\u00e3o apenas enfrentar crises, mas tamb\u00e9m emergir delas com uma capacidade renovada, pronta para abra\u00e7ar o futuro com confian\u00e7a e determina\u00e7\u00e3o.&nbsp;<\/p>\n\n\n\n<p>Por isso, acredito que o empreendedorismo brasileiro precisa abra\u00e7ar a antifragilidade como pilar central de suas opera\u00e7\u00f5es. Ser antifr\u00e1gil \u00e9 mais do que resistir \u00e0s adversidades: \u00e9 crescer e evoluir a partir delas. Em um cen\u00e1rio em que as tempestades econ\u00f4micas, pol\u00edticas e sociais s\u00e3o inevit\u00e1veis, a verdadeira vantagem competitiva estar\u00e1 em quem transformar os choques em est\u00edmulos para fortalecer a vis\u00e3o de neg\u00f3cio e construir um legado inabal\u00e1vel. A capacidade de reagir, se adaptar e emergir mais forte diante do inesperado \u00e9, hoje, o que separa os que apenas sobrevivem dos que verdadeiramente prosperam.<\/p>","protected":false},"excerpt":{"rendered":"<p>O Brasil \u00e9 um pa\u00eds de empreendedores. Somos pelo menos 42 milh\u00f5es, segundo o Sebrae. E, para muitos, essa jornada \u00e9 repleta de desafios \u2014 a burocracia, a instabilidade econ\u00f4mica uma s\u00e9rie de adversidades que, longe de desencorajarem, tornam-se combust\u00edvel para a inova\u00e7\u00e3o e o crescimento. Neste cen\u00e1rio, o conceito de antifragilidade se mostra n\u00e3o [&hellip;]<\/p>\n","protected":false},"author":1,"featured_media":3165,"comment_status":"open","ping_status":"open","sticky":false,"template":"","format":"standard","meta":{"footnotes":""},"categories":[5],"tags":[],"class_list":["post-3150","post","type-post","status-publish","format-standard","has-post-thumbnail","hentry","category-informativos"],"yoast_head":"<!-- This site is optimized with the Yoast SEO plugin v27.5 - https:\/\/yoast.com\/product\/yoast-seo-wordpress\/ -->\n<title>Antifragilidade e Resili\u00eancia no Empreendedorismo | Binatural<\/title>\n<meta name=\"description\" content=\"Antifragilidade e resili\u00eancia: O que move o empreendedor brasileiro? . Confira!\" \/>\n<meta name=\"robots\" content=\"index, follow, max-snippet:-1, max-image-preview:large, max-video-preview:-1\" \/>\n<link rel=\"canonical\" href=\"https:\/\/binatural.com.br\/en\/antifragilidade-e-resiliencia-o-que-move-o-empreendedor-brasileiro\/\" \/>\n<meta property=\"og:locale\" content=\"en_US\" \/>\n<meta property=\"og:type\" content=\"article\" \/>\n<meta property=\"og:title\" content=\"Antifragilidade e Resili\u00eancia no Empreendedorismo | Binatural\" \/>\n<meta property=\"og:description\" content=\"Antifragilidade e resili\u00eancia: O que move o empreendedor brasileiro? . Confira!\" \/>\n<meta property=\"og:url\" content=\"https:\/\/binatural.com.br\/en\/antifragilidade-e-resiliencia-o-que-move-o-empreendedor-brasileiro\/\" \/>\n<meta property=\"og:site_name\" content=\"Binatural\" \/>\n<meta property=\"article:published_time\" content=\"2025-05-13T13:12:53+00:00\" \/>\n<meta property=\"article:modified_time\" content=\"2025-10-05T19:40:54+00:00\" \/>\n<meta property=\"og:image\" content=\"https:\/\/binatural.com.br\/wp-content\/uploads\/2025\/05\/ARTIGO-ANDRE-ANTIFRAGIL2.png\" \/>\n\t<meta property=\"og:image:width\" content=\"600\" \/>\n\t<meta property=\"og:image:height\" content=\"400\" \/>\n\t<meta property=\"og:image:type\" content=\"image\/png\" \/>\n<meta name=\"author\" content=\"@binatural\" \/>\n<meta name=\"twitter:card\" content=\"summary_large_image\" \/>\n<meta name=\"twitter:label1\" content=\"Written by\" \/>\n\t<meta name=\"twitter:data1\" content=\"@binatural\" \/>\n\t<meta name=\"twitter:label2\" content=\"Est. reading time\" \/>\n\t<meta name=\"twitter:data2\" content=\"4 minutes\" \/>\n<!-- \/ Yoast SEO plugin. -->","yoast_head_json":{"title":"Antifragilidade e Resili\u00eancia no Empreendedorismo | Binatural","description":"Antifragilidade e resili\u00eancia: O que move o empreendedor brasileiro? . Confira!","robots":{"index":"index","follow":"follow","max-snippet":"max-snippet:-1","max-image-preview":"max-image-preview:large","max-video-preview":"max-video-preview:-1"},"canonical":"https:\/\/binatural.com.br\/en\/antifragilidade-e-resiliencia-o-que-move-o-empreendedor-brasileiro\/","og_locale":"en_US","og_type":"article","og_title":"Antifragilidade e Resili\u00eancia no Empreendedorismo | Binatural","og_description":"Antifragilidade e resili\u00eancia: O que move o empreendedor brasileiro? . Confira!","og_url":"https:\/\/binatural.com.br\/en\/antifragilidade-e-resiliencia-o-que-move-o-empreendedor-brasileiro\/","og_site_name":"Binatural","article_published_time":"2025-05-13T13:12:53+00:00","article_modified_time":"2025-10-05T19:40:54+00:00","og_image":[{"width":600,"height":400,"url":"https:\/\/binatural.com.br\/wp-content\/uploads\/2025\/05\/ARTIGO-ANDRE-ANTIFRAGIL2.png","type":"image\/png"}],"author":"@binatural","twitter_card":"summary_large_image","twitter_misc":{"Written by":"@binatural","Est. reading time":"4 minutes"},"schema":{"@context":"https:\/\/schema.org","@graph":[{"@type":"Article","@id":"https:\/\/binatural.com.br\/antifragilidade-e-resiliencia-o-que-move-o-empreendedor-brasileiro\/#article","isPartOf":{"@id":"https:\/\/binatural.com.br\/antifragilidade-e-resiliencia-o-que-move-o-empreendedor-brasileiro\/"},"author":{"name":"@binatural","@id":"https:\/\/binatural.com.br\/#\/schema\/person\/093fcfdda1e267d5415581881c7eb878"},"headline":"Antifragilidade e resili\u00eancia: O que move o empreendedor brasileiro?","datePublished":"2025-05-13T13:12:53+00:00","dateModified":"2025-10-05T19:40:54+00:00","mainEntityOfPage":{"@id":"https:\/\/binatural.com.br\/antifragilidade-e-resiliencia-o-que-move-o-empreendedor-brasileiro\/"},"wordCount":686,"commentCount":0,"publisher":{"@id":"https:\/\/binatural.com.br\/#organization"},"image":{"@id":"https:\/\/binatural.com.br\/antifragilidade-e-resiliencia-o-que-move-o-empreendedor-brasileiro\/#primaryimage"},"thumbnailUrl":"https:\/\/binatural.com.br\/wp-content\/uploads\/2025\/05\/ARTIGO-ANDRE-ANTIFRAGIL2.png","articleSection":["Informativos"],"inLanguage":"en-US","potentialAction":[{"@type":"CommentAction","name":"Comment","target":["https:\/\/binatural.com.br\/antifragilidade-e-resiliencia-o-que-move-o-empreendedor-brasileiro\/#respond"]}]},{"@type":"WebPage","@id":"https:\/\/binatural.com.br\/antifragilidade-e-resiliencia-o-que-move-o-empreendedor-brasileiro\/","url":"https:\/\/binatural.com.br\/antifragilidade-e-resiliencia-o-que-move-o-empreendedor-brasileiro\/","name":"Antifragilidade e Resili\u00eancia no Empreendedorismo | Binatural","isPartOf":{"@id":"https:\/\/binatural.com.br\/#website"},"primaryImageOfPage":{"@id":"https:\/\/binatural.com.br\/antifragilidade-e-resiliencia-o-que-move-o-empreendedor-brasileiro\/#primaryimage"},"image":{"@id":"https:\/\/binatural.com.br\/antifragilidade-e-resiliencia-o-que-move-o-empreendedor-brasileiro\/#primaryimage"},"thumbnailUrl":"https:\/\/binatural.com.br\/wp-content\/uploads\/2025\/05\/ARTIGO-ANDRE-ANTIFRAGIL2.png","datePublished":"2025-05-13T13:12:53+00:00","dateModified":"2025-10-05T19:40:54+00:00","description":"Antifragilidade e resili\u00eancia: O que move o empreendedor brasileiro? . Confira!","breadcrumb":{"@id":"https:\/\/binatural.com.br\/antifragilidade-e-resiliencia-o-que-move-o-empreendedor-brasileiro\/#breadcrumb"},"inLanguage":"en-US","potentialAction":[{"@type":"ReadAction","target":["https:\/\/binatural.com.br\/antifragilidade-e-resiliencia-o-que-move-o-empreendedor-brasileiro\/"]}]},{"@type":"ImageObject","inLanguage":"en-US","@id":"https:\/\/binatural.com.br\/antifragilidade-e-resiliencia-o-que-move-o-empreendedor-brasileiro\/#primaryimage","url":"https:\/\/binatural.com.br\/wp-content\/uploads\/2025\/05\/ARTIGO-ANDRE-ANTIFRAGIL2.png","contentUrl":"https:\/\/binatural.com.br\/wp-content\/uploads\/2025\/05\/ARTIGO-ANDRE-ANTIFRAGIL2.png","width":600,"height":400},{"@type":"BreadcrumbList","@id":"https:\/\/binatural.com.br\/antifragilidade-e-resiliencia-o-que-move-o-empreendedor-brasileiro\/#breadcrumb","itemListElement":[{"@type":"ListItem","position":1,"name":"In\u00edcio","item":"https:\/\/binatural.com.br\/"},{"@type":"ListItem","position":2,"name":"Antifragilidade e resili\u00eancia: O que move o empreendedor brasileiro?"}]},{"@type":"WebSite","@id":"https:\/\/binatural.com.br\/#website","url":"https:\/\/binatural.com.br\/","name":"Binatural","description":"A Binatural foi uma das pioneiras na produ\u00e7\u00e3o de biodiesel no pa\u00eds, investindo em novas tecnologias, processos e m\u00e3o de obra.","publisher":{"@id":"https:\/\/binatural.com.br\/#organization"},"potentialAction":[{"@type":"SearchAction","target":{"@type":"EntryPoint","urlTemplate":"https:\/\/binatural.com.br\/?s={search_term_string}"},"query-input":{"@type":"PropertyValueSpecification","valueRequired":true,"valueName":"search_term_string"}}],"inLanguage":"en-US"},{"@type":"Organization","@id":"https:\/\/binatural.com.br\/#organization","name":"Binatural","url":"https:\/\/binatural.com.br\/","logo":{"@type":"ImageObject","inLanguage":"en-US","@id":"https:\/\/binatural.com.br\/#\/schema\/logo\/image\/","url":"https:\/\/binatural.com.br\/wp-content\/uploads\/2021\/12\/binatural.png","contentUrl":"https:\/\/binatural.com.br\/wp-content\/uploads\/2021\/12\/binatural.png","width":91,"height":80,"caption":"Binatural"},"image":{"@id":"https:\/\/binatural.com.br\/#\/schema\/logo\/image\/"}},{"@type":"Person","@id":"https:\/\/binatural.com.br\/#\/schema\/person\/093fcfdda1e267d5415581881c7eb878","name":"@binatural","image":{"@type":"ImageObject","inLanguage":"en-US","@id":"https:\/\/secure.gravatar.com\/avatar\/cbc7f00796b3c09974564aacce0026d1dbf879f7a256a51c68601137eb122d3e?s=96&d=mm&r=g","url":"https:\/\/secure.gravatar.com\/avatar\/cbc7f00796b3c09974564aacce0026d1dbf879f7a256a51c68601137eb122d3e?s=96&d=mm&r=g","contentUrl":"https:\/\/secure.gravatar.com\/avatar\/cbc7f00796b3c09974564aacce0026d1dbf879f7a256a51c68601137eb122d3e?s=96&d=mm&r=g","caption":"@binatural"},"sameAs":["https:\/\/binatural.com.br"],"url":"https:\/\/binatural.com.br\/en\/author\/binatural\/"}]}},"_links":{"self":[{"href":"https:\/\/binatural.com.br\/en\/wp-json\/wp\/v2\/posts\/3150","targetHints":{"allow":["GET"]}}],"collection":[{"href":"https:\/\/binatural.com.br\/en\/wp-json\/wp\/v2\/posts"}],"about":[{"href":"https:\/\/binatural.com.br\/en\/wp-json\/wp\/v2\/types\/post"}],"author":[{"embeddable":true,"href":"https:\/\/binatural.com.br\/en\/wp-json\/wp\/v2\/users\/1"}],"replies":[{"embeddable":true,"href":"https:\/\/binatural.com.br\/en\/wp-json\/wp\/v2\/comments?post=3150"}],"version-history":[{"count":1,"href":"https:\/\/binatural.com.br\/en\/wp-json\/wp\/v2\/posts\/3150\/revisions"}],"predecessor-version":[{"id":3153,"href":"https:\/\/binatural.com.br\/en\/wp-json\/wp\/v2\/posts\/3150\/revisions\/3153"}],"wp:featuredmedia":[{"embeddable":true,"href":"https:\/\/binatural.com.br\/en\/wp-json\/wp\/v2\/media\/3165"}],"wp:attachment":[{"href":"https:\/\/binatural.com.br\/en\/wp-json\/wp\/v2\/media?parent=3150"}],"wp:term":[{"taxonomy":"category","embeddable":true,"href":"https:\/\/binatural.com.br\/en\/wp-json\/wp\/v2\/categories?post=3150"},{"taxonomy":"post_tag","embeddable":true,"href":"https:\/\/binatural.com.br\/en\/wp-json\/wp\/v2\/tags?post=3150"}],"curies":[{"name":"wp","href":"https:\/\/api.w.org\/{rel}","templated":true}]}}