{"id":1345,"date":"2023-06-20T16:53:47","date_gmt":"2023-06-20T19:53:47","guid":{"rendered":"https:\/\/binatural.com.br\/?p=1345"},"modified":"2025-10-05T16:27:48","modified_gmt":"2025-10-05T19:27:48","slug":"ceo-da-binatural-destaca-a-importancia-dos-biocombustiveis-em-evento-google-sobre-a-transformacao-da-logistica","status":"publish","type":"post","link":"https:\/\/binatural.com.br\/en\/ceo-da-binatural-destaca-a-importancia-dos-biocombustiveis-em-evento-google-sobre-a-transformacao-da-logistica\/","title":{"rendered":"CEO da Binatural destaca a import\u00e2ncia dos biocombust\u00edveis em evento Google sobre a Transforma\u00e7\u00e3o da Log\u00edstica"},"content":{"rendered":"<p><em>Andr\u00e9 Lavor participa de painel no Google sobre os benef\u00edcios do biodiesel e suas externalidades positivas para o Brasil e o planeta.<\/em><\/p>\n\n\n\n<p><\/p>\n\n\n\n<p>O CEO da Binatural, Andr\u00e9 Lavor, foi um dos palestrantes no painel &#8220;A import\u00e2ncia dos Biocombust\u00edveis&#8221; durante o evento &#8220;Transforma\u00e7\u00e3o da Log\u00edstica com Google Cloud&#8221; realizado no \u00faltimo dia 16\/06. O executivo compartilhou insights valiosos sobre o mercado de biodiesel e destacou as externalidades positivas desse biocombust\u00edvel tanto para o pa\u00eds quanto para o meio ambiente.<\/p>\n\n\n\n<p>Lavor iniciou sua participa\u00e7\u00e3o no painel destacando a crescente import\u00e2ncia dos biocombust\u00edveis na matriz energ\u00e9tica global. Ele ressaltou o papel fundamental do biodiesel na redu\u00e7\u00e3o das emiss\u00f5es de gases de efeito estufa, contribuindo para mitigar os impactos das mudan\u00e7as clim\u00e1ticas.<\/p>\n\n\n\n<p>Durante sua apresenta\u00e7\u00e3o, o CEO da Binatural enfatizou os benef\u00edcios espec\u00edficos do biodiesel para o Brasil. Ele destacou como o pa\u00eds \u00e9 rico em recursos naturais, o que proporciona uma produ\u00e7\u00e3o de biocombust\u00edvel altamente sustent\u00e1vel e favor\u00e1vel ao desenvolvimento econ\u00f4mico. Al\u00e9m disso, Lavor mencionou o papel essencial do biodiesel na diversifica\u00e7\u00e3o da matriz energ\u00e9tica brasileira e na diminui\u00e7\u00e3o da depend\u00eancia de combust\u00edveis f\u00f3sseis.<\/p>\n\n\n\n<p>Andr\u00e9 Lavor tamb\u00e9m ressaltou as externalidades positivas do biodiesel para o planeta. Ele enfatizou como a produ\u00e7\u00e3o desse biocombust\u00edvel contribui para a gera\u00e7\u00e3o de empregos, o desenvolvimento rural e a inclus\u00e3o social. Al\u00e9m disso, destacou a import\u00e2ncia do biodiesel na redu\u00e7\u00e3o da polui\u00e7\u00e3o atmosf\u00e9rica e na preserva\u00e7\u00e3o dos recursos naturais, como a diminui\u00e7\u00e3o do desmatamento.<\/p>\n\n\n\n<p>O painel &#8220;A import\u00e2ncia dos Biocombust\u00edveis&#8221; contou com a participa\u00e7\u00e3o de representantes do Google, A&amp;M e Binatural, que compartilharam suas perspectivas e experi\u00eancias sobre o setor. A discuss\u00e3o ressaltou a relev\u00e2ncia dos biocombust\u00edveis como alternativas sustent\u00e1veis e renov\u00e1veis para o futuro da log\u00edstica e da ind\u00fastria em geral.<\/p>\n\n\n\n<p>A participa\u00e7\u00e3o do CEO da Binatural no painel refor\u00e7a o compromisso da empresa em promover solu\u00e7\u00f5es sustent\u00e1veis e inovadoras no mercado de biocombust\u00edveis. Andr\u00e9 Lavor reafirmou a vis\u00e3o da Binatural em impulsionar a transi\u00e7\u00e3o energ\u00e9tica e contribuir para um futuro mais limpo e sustent\u00e1vel.<\/p>\n\n\n\n<p>O evento &#8220;Transforma\u00e7\u00e3o da Log\u00edstica com Google Cloud&#8221; proporcionou uma oportunidade importante para discutir os desafios e as oportunidades do setor log\u00edstico em um contexto de sustentabilidade. A participa\u00e7\u00e3o de l\u00edderes influentes, como Andr\u00e9 Lavor, contribui para a dissemina\u00e7\u00e3o do conhecimento e a promo\u00e7\u00e3o de iniciativas transformadoras no campo dos biocombust\u00edveis.<\/p>\n\n\n\n<p>A Binatural reafirma seu compromisso em continuar impulsionando a ado\u00e7\u00e3o de biocombust\u00edveis e em contribuir para um futuro mais verde e resiliente. A empresa continuar\u00e1 a buscar parcerias estrat\u00e9gicas e a investir em inova\u00e7\u00e3o para liderar a transforma\u00e7\u00e3o positiva do mercado de energia.<\/p>","protected":false},"excerpt":{"rendered":"<p>Andr\u00e9 Lavor participa de painel no Google sobre os benef\u00edcios do biodiesel e suas externalidades positivas para o Brasil e o planeta. O CEO da Binatural, Andr\u00e9 Lavor, foi um dos palestrantes no painel &#8220;A import\u00e2ncia dos Biocombust\u00edveis&#8221; durante o evento &#8220;Transforma\u00e7\u00e3o da Log\u00edstica com Google Cloud&#8221; realizado no \u00faltimo dia 16\/06. O executivo compartilhou [&hellip;]<\/p>\n","protected":false},"author":1,"featured_media":1349,"comment_status":"open","ping_status":"open","sticky":false,"template":"","format":"standard","meta":{"footnotes":""},"categories":[5],"tags":[],"class_list":["post-1345","post","type-post","status-publish","format-standard","has-post-thumbnail","hentry","category-informativos"],"yoast_head":"<!-- This site is optimized with the Yoast SEO plugin v27.5 - https:\/\/yoast.com\/product\/yoast-seo-wordpress\/ -->\n<title>CEO da Binatural Destaca Biocombust\u00edveis em Evento Google<\/title>\n<meta name=\"description\" content=\"CEO da Binatural destaca a import\u00e2ncia dos biocombust\u00edveis em evento Google sobre a Transforma\u00e7\u00e3o da Log\u00edstica . Confira!\" \/>\n<meta name=\"robots\" content=\"index, follow, max-snippet:-1, max-image-preview:large, max-video-preview:-1\" \/>\n<link rel=\"canonical\" href=\"https:\/\/binatural.com.br\/en\/ceo-da-binatural-destaca-a-importancia-dos-biocombustiveis-em-evento-google-sobre-a-transformacao-da-logistica\/\" \/>\n<meta property=\"og:locale\" content=\"en_US\" \/>\n<meta property=\"og:type\" content=\"article\" \/>\n<meta property=\"og:title\" content=\"CEO da Binatural Destaca Biocombust\u00edveis em Evento Google\" \/>\n<meta property=\"og:description\" content=\"CEO da Binatural destaca a import\u00e2ncia dos biocombust\u00edveis em evento Google sobre a Transforma\u00e7\u00e3o da Log\u00edstica . Confira!\" \/>\n<meta property=\"og:url\" content=\"https:\/\/binatural.com.br\/en\/ceo-da-binatural-destaca-a-importancia-dos-biocombustiveis-em-evento-google-sobre-a-transformacao-da-logistica\/\" \/>\n<meta property=\"og:site_name\" content=\"Binatural\" \/>\n<meta property=\"article:published_time\" content=\"2023-06-20T19:53:47+00:00\" \/>\n<meta property=\"article:modified_time\" content=\"2025-10-05T19:27:48+00:00\" \/>\n<meta property=\"og:image\" content=\"https:\/\/binatural.com.br\/wp-content\/uploads\/2023\/06\/palestra-google-binatural.jpg\" \/>\n\t<meta property=\"og:image:width\" content=\"600\" \/>\n\t<meta property=\"og:image:height\" content=\"400\" \/>\n\t<meta property=\"og:image:type\" content=\"image\/jpeg\" \/>\n<meta name=\"author\" content=\"@binatural\" \/>\n<meta name=\"twitter:card\" content=\"summary_large_image\" \/>\n<meta name=\"twitter:label1\" content=\"Written by\" \/>\n\t<meta name=\"twitter:data1\" content=\"@binatural\" \/>\n\t<meta name=\"twitter:label2\" content=\"Est. reading time\" \/>\n\t<meta name=\"twitter:data2\" content=\"3 minutes\" \/>\n<!-- \/ Yoast SEO plugin. -->","yoast_head_json":{"title":"CEO da Binatural Destaca Biocombust\u00edveis em Evento Google","description":"CEO da Binatural destaca a import\u00e2ncia dos biocombust\u00edveis em evento Google sobre a Transforma\u00e7\u00e3o da Log\u00edstica . Confira!","robots":{"index":"index","follow":"follow","max-snippet":"max-snippet:-1","max-image-preview":"max-image-preview:large","max-video-preview":"max-video-preview:-1"},"canonical":"https:\/\/binatural.com.br\/en\/ceo-da-binatural-destaca-a-importancia-dos-biocombustiveis-em-evento-google-sobre-a-transformacao-da-logistica\/","og_locale":"en_US","og_type":"article","og_title":"CEO da Binatural Destaca Biocombust\u00edveis em Evento Google","og_description":"CEO da Binatural destaca a import\u00e2ncia dos biocombust\u00edveis em evento Google sobre a Transforma\u00e7\u00e3o da Log\u00edstica . Confira!","og_url":"https:\/\/binatural.com.br\/en\/ceo-da-binatural-destaca-a-importancia-dos-biocombustiveis-em-evento-google-sobre-a-transformacao-da-logistica\/","og_site_name":"Binatural","article_published_time":"2023-06-20T19:53:47+00:00","article_modified_time":"2025-10-05T19:27:48+00:00","og_image":[{"width":600,"height":400,"url":"https:\/\/binatural.com.br\/wp-content\/uploads\/2023\/06\/palestra-google-binatural.jpg","type":"image\/jpeg"}],"author":"@binatural","twitter_card":"summary_large_image","twitter_misc":{"Written by":"@binatural","Est. reading time":"3 minutes"},"schema":{"@context":"https:\/\/schema.org","@graph":[{"@type":"Article","@id":"https:\/\/binatural.com.br\/ceo-da-binatural-destaca-a-importancia-dos-biocombustiveis-em-evento-google-sobre-a-transformacao-da-logistica\/#article","isPartOf":{"@id":"https:\/\/binatural.com.br\/ceo-da-binatural-destaca-a-importancia-dos-biocombustiveis-em-evento-google-sobre-a-transformacao-da-logistica\/"},"author":{"name":"@binatural","@id":"https:\/\/binatural.com.br\/#\/schema\/person\/093fcfdda1e267d5415581881c7eb878"},"headline":"CEO da Binatural destaca a import\u00e2ncia dos biocombust\u00edveis em evento Google sobre a Transforma\u00e7\u00e3o da Log\u00edstica","datePublished":"2023-06-20T19:53:47+00:00","dateModified":"2025-10-05T19:27:48+00:00","mainEntityOfPage":{"@id":"https:\/\/binatural.com.br\/ceo-da-binatural-destaca-a-importancia-dos-biocombustiveis-em-evento-google-sobre-a-transformacao-da-logistica\/"},"wordCount":518,"commentCount":0,"publisher":{"@id":"https:\/\/binatural.com.br\/#organization"},"image":{"@id":"https:\/\/binatural.com.br\/ceo-da-binatural-destaca-a-importancia-dos-biocombustiveis-em-evento-google-sobre-a-transformacao-da-logistica\/#primaryimage"},"thumbnailUrl":"https:\/\/binatural.com.br\/wp-content\/uploads\/2023\/06\/palestra-google-binatural.jpg","articleSection":["Informativos"],"inLanguage":"en-US","potentialAction":[{"@type":"CommentAction","name":"Comment","target":["https:\/\/binatural.com.br\/ceo-da-binatural-destaca-a-importancia-dos-biocombustiveis-em-evento-google-sobre-a-transformacao-da-logistica\/#respond"]}]},{"@type":"WebPage","@id":"https:\/\/binatural.com.br\/ceo-da-binatural-destaca-a-importancia-dos-biocombustiveis-em-evento-google-sobre-a-transformacao-da-logistica\/","url":"https:\/\/binatural.com.br\/ceo-da-binatural-destaca-a-importancia-dos-biocombustiveis-em-evento-google-sobre-a-transformacao-da-logistica\/","name":"CEO da Binatural Destaca Biocombust\u00edveis em Evento Google","isPartOf":{"@id":"https:\/\/binatural.com.br\/#website"},"primaryImageOfPage":{"@id":"https:\/\/binatural.com.br\/ceo-da-binatural-destaca-a-importancia-dos-biocombustiveis-em-evento-google-sobre-a-transformacao-da-logistica\/#primaryimage"},"image":{"@id":"https:\/\/binatural.com.br\/ceo-da-binatural-destaca-a-importancia-dos-biocombustiveis-em-evento-google-sobre-a-transformacao-da-logistica\/#primaryimage"},"thumbnailUrl":"https:\/\/binatural.com.br\/wp-content\/uploads\/2023\/06\/palestra-google-binatural.jpg","datePublished":"2023-06-20T19:53:47+00:00","dateModified":"2025-10-05T19:27:48+00:00","description":"CEO da Binatural destaca a import\u00e2ncia dos biocombust\u00edveis em evento Google sobre a Transforma\u00e7\u00e3o da Log\u00edstica . Confira!","breadcrumb":{"@id":"https:\/\/binatural.com.br\/ceo-da-binatural-destaca-a-importancia-dos-biocombustiveis-em-evento-google-sobre-a-transformacao-da-logistica\/#breadcrumb"},"inLanguage":"en-US","potentialAction":[{"@type":"ReadAction","target":["https:\/\/binatural.com.br\/ceo-da-binatural-destaca-a-importancia-dos-biocombustiveis-em-evento-google-sobre-a-transformacao-da-logistica\/"]}]},{"@type":"ImageObject","inLanguage":"en-US","@id":"https:\/\/binatural.com.br\/ceo-da-binatural-destaca-a-importancia-dos-biocombustiveis-em-evento-google-sobre-a-transformacao-da-logistica\/#primaryimage","url":"https:\/\/binatural.com.br\/wp-content\/uploads\/2023\/06\/palestra-google-binatural.jpg","contentUrl":"https:\/\/binatural.com.br\/wp-content\/uploads\/2023\/06\/palestra-google-binatural.jpg","width":600,"height":400},{"@type":"BreadcrumbList","@id":"https:\/\/binatural.com.br\/ceo-da-binatural-destaca-a-importancia-dos-biocombustiveis-em-evento-google-sobre-a-transformacao-da-logistica\/#breadcrumb","itemListElement":[{"@type":"ListItem","position":1,"name":"In\u00edcio","item":"https:\/\/binatural.com.br\/"},{"@type":"ListItem","position":2,"name":"CEO da Binatural destaca a import\u00e2ncia dos biocombust\u00edveis em evento Google sobre a Transforma\u00e7\u00e3o da Log\u00edstica"}]},{"@type":"WebSite","@id":"https:\/\/binatural.com.br\/#website","url":"https:\/\/binatural.com.br\/","name":"Binatural","description":"A Binatural foi uma das pioneiras na produ\u00e7\u00e3o de biodiesel no pa\u00eds, investindo em novas tecnologias, processos e m\u00e3o de obra.","publisher":{"@id":"https:\/\/binatural.com.br\/#organization"},"potentialAction":[{"@type":"SearchAction","target":{"@type":"EntryPoint","urlTemplate":"https:\/\/binatural.com.br\/?s={search_term_string}"},"query-input":{"@type":"PropertyValueSpecification","valueRequired":true,"valueName":"search_term_string"}}],"inLanguage":"en-US"},{"@type":"Organization","@id":"https:\/\/binatural.com.br\/#organization","name":"Binatural","url":"https:\/\/binatural.com.br\/","logo":{"@type":"ImageObject","inLanguage":"en-US","@id":"https:\/\/binatural.com.br\/#\/schema\/logo\/image\/","url":"https:\/\/binatural.com.br\/wp-content\/uploads\/2021\/12\/binatural.png","contentUrl":"https:\/\/binatural.com.br\/wp-content\/uploads\/2021\/12\/binatural.png","width":91,"height":80,"caption":"Binatural"},"image":{"@id":"https:\/\/binatural.com.br\/#\/schema\/logo\/image\/"}},{"@type":"Person","@id":"https:\/\/binatural.com.br\/#\/schema\/person\/093fcfdda1e267d5415581881c7eb878","name":"@binatural","image":{"@type":"ImageObject","inLanguage":"en-US","@id":"https:\/\/secure.gravatar.com\/avatar\/cbc7f00796b3c09974564aacce0026d1dbf879f7a256a51c68601137eb122d3e?s=96&d=mm&r=g","url":"https:\/\/secure.gravatar.com\/avatar\/cbc7f00796b3c09974564aacce0026d1dbf879f7a256a51c68601137eb122d3e?s=96&d=mm&r=g","contentUrl":"https:\/\/secure.gravatar.com\/avatar\/cbc7f00796b3c09974564aacce0026d1dbf879f7a256a51c68601137eb122d3e?s=96&d=mm&r=g","caption":"@binatural"},"sameAs":["https:\/\/binatural.com.br"],"url":"https:\/\/binatural.com.br\/en\/author\/binatural\/"}]}},"_links":{"self":[{"href":"https:\/\/binatural.com.br\/en\/wp-json\/wp\/v2\/posts\/1345","targetHints":{"allow":["GET"]}}],"collection":[{"href":"https:\/\/binatural.com.br\/en\/wp-json\/wp\/v2\/posts"}],"about":[{"href":"https:\/\/binatural.com.br\/en\/wp-json\/wp\/v2\/types\/post"}],"author":[{"embeddable":true,"href":"https:\/\/binatural.com.br\/en\/wp-json\/wp\/v2\/users\/1"}],"replies":[{"embeddable":true,"href":"https:\/\/binatural.com.br\/en\/wp-json\/wp\/v2\/comments?post=1345"}],"version-history":[{"count":1,"href":"https:\/\/binatural.com.br\/en\/wp-json\/wp\/v2\/posts\/1345\/revisions"}],"predecessor-version":[{"id":1347,"href":"https:\/\/binatural.com.br\/en\/wp-json\/wp\/v2\/posts\/1345\/revisions\/1347"}],"wp:featuredmedia":[{"embeddable":true,"href":"https:\/\/binatural.com.br\/en\/wp-json\/wp\/v2\/media\/1349"}],"wp:attachment":[{"href":"https:\/\/binatural.com.br\/en\/wp-json\/wp\/v2\/media?parent=1345"}],"wp:term":[{"taxonomy":"category","embeddable":true,"href":"https:\/\/binatural.com.br\/en\/wp-json\/wp\/v2\/categories?post=1345"},{"taxonomy":"post_tag","embeddable":true,"href":"https:\/\/binatural.com.br\/en\/wp-json\/wp\/v2\/tags?post=1345"}],"curies":[{"name":"wp","href":"https:\/\/api.w.org\/{rel}","templated":true}]}}